{"id":1373,"date":"2022-10-08T13:45:00","date_gmt":"2022-10-08T13:45:00","guid":{"rendered":"https:\/\/cohabitem.org\/?p=1373"},"modified":"2022-10-10T12:08:20","modified_gmt":"2022-10-10T12:08:20","slug":"concentracion-ley-viviendas-colaborativas-ya","status":"publish","type":"post","link":"https:\/\/cohabitem.org\/ca\/concentracion-ley-viviendas-colaborativas-ya\/","title":{"rendered":"Concentraci\u00f3n por la Ley de Viviendas Colaborativas"},"content":{"rendered":"<p>El pasado s\u00e1bado se celebr\u00f3, con gran \u00e9xito, el <a href=\"https:\/\/fecovi.es\/se-impulsa-en-la-comunitat-valenciana-el-modelo-innovador-de-viviendas-colaborativas\/\"><strong>II Encuentro de Cooperativas con Viviendas Colaborativas de la Comunitat Valenciana<\/strong><\/a>.&nbsp;Esta segunda edici\u00f3n result\u00f3 en un lleno total del aforo con m\u00e1s de 130 asistentes, mostrando la r\u00e1pida evoluci\u00f3n y crecimiento del sector en estos tres \u00faltimos a\u00f1os desde la celebraci\u00f3n del primero. Incluy\u00f3 la visita a los terrenos de dos proyectos en marcha y la asistencia tanto de cargos relevantes de la <strong>administraci\u00f3n valenciana<\/strong> como de personas integrantes de las 18 <strong>promociones pioneras<\/strong> de viviendas colaborativas en la Comunitat, as\u00ed como personas interesadas en el modelo. La emisi\u00f3n en directo recab\u00f3 m\u00e1s de 1.000 visualizaciones en apenas un par de d\u00edas.<\/p>\n\n\n\n<figure class=\"wp-block-image size-large\"><img decoding=\"async\" width=\"1024\" height=\"774\" src=\"https:\/\/cohabitem.org\/wp-content\/uploads\/2022\/10\/Principal-1024x774.jpg\" alt=\"\" class=\"wp-image-1381\" srcset=\"https:\/\/cohabitem.org\/wp-content\/uploads\/2022\/10\/Principal-1024x774.jpg 1024w, https:\/\/cohabitem.org\/wp-content\/uploads\/2022\/10\/Principal-300x227.jpg 300w, https:\/\/cohabitem.org\/wp-content\/uploads\/2022\/10\/Principal-768x580.jpg 768w, https:\/\/cohabitem.org\/wp-content\/uploads\/2022\/10\/Principal-16x12.jpg 16w, https:\/\/cohabitem.org\/wp-content\/uploads\/2022\/10\/Principal.jpg 1200w\" sizes=\"(max-width: 1024px) 100vw, 1024px\" \/><\/figure>\n\n\n\n<p>Este encuentro nos demostr\u00f3 el <strong>impulso y la necesidad<\/strong> <strong>detr\u00e1s de este innovador modelo<\/strong> de acceso a la vivienda y a los servicios, que sit\u00faa a la Comunidad Valenciana como una de las comunidades donde m\u00e1s impulso est\u00e1 viendo despu\u00e9s de Catalu\u00f1a. Tambi\u00e9n sirvi\u00f3 para hacer patente el <strong>compromiso e inter\u00e9s de varias Conseller\u00edas<\/strong> en colaborar entre s\u00ed y tomar medidas concretas para impulsar este modelo.<\/p>\n\n\n\n<p class=\"has-text-align-center has-background has-large-font-size\" style=\"background-color:#ffe047;font-style:normal;font-weight:100\"><strong>Por una Ley de Viviendas Colaborativas YA<\/strong><\/p>\n\n\n\n<p><strong>Sin embargo<\/strong>, en el contexto sociopol\u00edtico actual y ante la inminencia de elecciones, estas intenciones <strong>pueden quedar en nada<\/strong>, sacando a la Comunidad Valenciana de su posici\u00f3n pionera y devolviendo a la propuesta normativa a la casilla de salida, si las iniciativas legislativas existentes no se agilizan al m\u00e1ximo.<\/p>\n\n\n\n<p>Tras haber seguido activamente la elaboraci\u00f3n de un proyecto de <strong>Ley de Viviendas Colaborativas en Cesi\u00f3n de Uso<\/strong>, pionera en Espa\u00f1a, no vemos que se haya avanzado en su tramitaci\u00f3n en los \u00faltimos meses, lo que hace peligrar sus posibilidades de llegar a buen t\u00e9rmino.&nbsp;<\/p>\n\n\n\n<p>Dada la urgencia e importancia de la cuesti\u00f3n, queremos instar a todos los grupos pol\u00edticos que forman el actual Govern de la Generalitat Valenciana a dar, a muy corto plazo y con urgencia, todos los pasos necesarios para iniciar la tramitaci\u00f3n de la proposici\u00f3n de ley en Les Corts Valencianes y convertir as\u00ed sus intenciones en hechos.<\/p>\n\n\n\n<p>Por ello&#8230;<\/p>\n\n\n\n<p class=\"has-text-align-center has-background has-large-font-size\" style=\"background-color:#ffe047\">CONVOCAMOS<\/p>\n\n\n\n<p class=\"has-text-align-center\">una <strong>concentraci\u00f3n<\/strong><\/p>\n\n\n\n<p class=\"has-text-align-center\">el pr\u00f3ximo <strong>martes 11 de octubre<\/strong><\/p>\n\n\n\n<p class=\"has-text-align-center\">en la <strong>Plaza de Manises<\/strong> de Valencia frente a las oficinas de la Generalitat,<\/p>\n\n\n\n<p class=\"has-text-align-center\">a las <strong>12:30 h<\/strong>, a la salida de la reuni\u00f3n del Consell.<\/p>","protected":false},"excerpt":{"rendered":"<p>Con el fin de reivindicar la necesidad urgente de regulaci\u00f3n y financiaci\u00f3n y apoyar la aprobaci\u00f3n de la Ley de Viviendas Colaborativas, convocamos una concentraci\u00f3n para el  pr\u00f3ximo martes 11 en la Plaza de Manises, Valencia.<\/p>","protected":false},"author":1,"featured_media":1381,"comment_status":"open","ping_status":"closed","sticky":false,"template":"","format":"standard","meta":{"_themeisle_gutenberg_block_has_review":false,"footnotes":""},"categories":[10,9],"tags":[13,12,16,15,14],"class_list":["post-1373","post","type-post","status-publish","format-standard","has-post-thumbnail","hentry","category-acciones","category-eventos","tag-cohabitem","tag-concentracion","tag-ley","tag-manifestacion","tag-vivienda-colaborativa"],"_links":{"self":[{"href":"https:\/\/cohabitem.org\/ca\/wp-json\/wp\/v2\/posts\/1373","targetHints":{"allow":["GET"]}}],"collection":[{"href":"https:\/\/cohabitem.org\/ca\/wp-json\/wp\/v2\/posts"}],"about":[{"href":"https:\/\/cohabitem.org\/ca\/wp-json\/wp\/v2\/types\/post"}],"author":[{"embeddable":true,"href":"https:\/\/cohabitem.org\/ca\/wp-json\/wp\/v2\/users\/1"}],"replies":[{"embeddable":true,"href":"https:\/\/cohabitem.org\/ca\/wp-json\/wp\/v2\/comments?post=1373"}],"version-history":[{"count":10,"href":"https:\/\/cohabitem.org\/ca\/wp-json\/wp\/v2\/posts\/1373\/revisions"}],"predecessor-version":[{"id":1399,"href":"https:\/\/cohabitem.org\/ca\/wp-json\/wp\/v2\/posts\/1373\/revisions\/1399"}],"wp:featuredmedia":[{"embeddable":true,"href":"https:\/\/cohabitem.org\/ca\/wp-json\/wp\/v2\/media\/1381"}],"wp:attachment":[{"href":"https:\/\/cohabitem.org\/ca\/wp-json\/wp\/v2\/media?parent=1373"}],"wp:term":[{"taxonomy":"category","embeddable":true,"href":"https:\/\/cohabitem.org\/ca\/wp-json\/wp\/v2\/categories?post=1373"},{"taxonomy":"post_tag","embeddable":true,"href":"https:\/\/cohabitem.org\/ca\/wp-json\/wp\/v2\/tags?post=1373"}],"curies":[{"name":"wp","href":"https:\/\/api.w.org\/{rel}","templated":true}]}}