{"id":1556,"date":"2023-04-23T18:38:43","date_gmt":"2023-04-23T18:38:43","guid":{"rendered":"https:\/\/cohabitem.org\/?p=1556"},"modified":"2023-11-08T10:40:36","modified_gmt":"2023-11-08T10:40:36","slug":"vivir-en-alpuente","status":"publish","type":"post","link":"https:\/\/cohabitem.org\/ca\/vivir-en-alpuente\/","title":{"rendered":"El proyecto Vivir en Alpuente se interesa por el modelo de covivienda para mayores como posible v\u00eda para atraer habitantes al \u00e1mbito rural"},"content":{"rendered":"<p><a href=\"https:\/\/www.alpuente.es\/seccion\/vivirenalpuente\"><strong>Vivir en Alpuente<\/strong><\/a>, un proyecto impulsado en Alpuente en colaboraci\u00f3n con la Agenda Valenciana Antidespoblament de la Generalitat Valenciana, est\u00e1 desarrollando servicios y herramientas para animar y ayudar a las personas que quieran trabajar, emprender, jubilarse&#8230; en definitiva, vivir, en dicha localidad.&nbsp;<\/p>\n\n\n\n<figure class=\"wp-block-image size-large\"><img decoding=\"async\" width=\"1024\" height=\"683\" src=\"https:\/\/cohabitem.org\/wp-content\/uploads\/2023\/04\/galeria-6-1024x683.jpg\" alt=\"\" class=\"wp-image-1574\" srcset=\"https:\/\/cohabitem.org\/wp-content\/uploads\/2023\/04\/galeria-6-1024x683.jpg 1024w, https:\/\/cohabitem.org\/wp-content\/uploads\/2023\/04\/galeria-6-300x200.jpg 300w, https:\/\/cohabitem.org\/wp-content\/uploads\/2023\/04\/galeria-6-768x512.jpg 768w, https:\/\/cohabitem.org\/wp-content\/uploads\/2023\/04\/galeria-6-1536x1024.jpg 1536w, https:\/\/cohabitem.org\/wp-content\/uploads\/2023\/04\/galeria-6-18x12.jpg 18w, https:\/\/cohabitem.org\/wp-content\/uploads\/2023\/04\/galeria-6-1568x1045.jpg 1568w, https:\/\/cohabitem.org\/wp-content\/uploads\/2023\/04\/galeria-6.jpg 1920w\" sizes=\"(max-width: 1024px) 100vw, 1024px\" \/><figcaption class=\"wp-element-caption\">Vista de Alpuente. Foto: Maite Su\u00f1er, v\u00eda <a rel=\"noreferrer noopener\" href=\"https:\/\/www.alpuente.es\/seccion\/vivirenalpuente\" target=\"_blank\">Vivir en Alpuente<\/a>.<\/figcaption><\/figure>\n\n\n\n<p>Para ello, han creado una <strong>Agencia Local de Acogida<\/strong>, localizada dentro del Espacio de Animaci\u00f3n e Innovaci\u00f3n Rural de Alpuente y aldeas, situado en la aldea de Corcolilla.<\/p>\n\n\n\n<p>En su p\u00e1gina web, adem\u00e1s, se puede acceder a informaci\u00f3n variada sobre la localidad: sus condiciones de vida, los atractivos, recursos y valores de su territorio circundante.<\/p>\n\n\n\n<p>Esto se complementa con iniciativas como la creaci\u00f3n de una <a href=\"https:\/\/www.alpuente.es\/node\/2698\">red de anfitriones<\/a>, una <a href=\"https:\/\/www.alpuente.es\/node\/2710\">gu\u00eda r\u00e1pida<\/a> para situarse en la poblaci\u00f3n en nuestra primera visita, y un correo de contacto (vivirenalpuente@gmail.com) para atender a cualquier persona visitante o interesada.&nbsp;<\/p>\n\n\n\n<p>Entre otros perfiles, esta campa\u00f1a se dirige a las personas mayores que quieran disfrutar de un entorno tranquilo y saludable, en contacto con la naturaleza y el paisaje del interior de la Comunidad Valenciana, por lo que el proyecto Vivir en Alpuente est\u00e1 explorando el potencial y las posibilidades que ofrece el territorio de Alpuente y aldeas para la posible implantaci\u00f3n futura de <strong>proyectos de vivienda colaborativa para personas mayores<\/strong> (tambi\u00e9n llamada <em>cohousing senior<\/em>).<\/p>\n\n\n\n<p>Este modelo puede ser complementario con otras iniciativas locales como la de <a href=\"https:\/\/www.alpuente.es\/noticia\/acerca-apertura-residencia-alpuente\">la residencia y centro de d\u00eda<\/a> que se espera inaugurar a finales de este a\u00f1o.&nbsp;<\/p>\n\n\n\n<figure class=\"wp-block-image size-large\"><img decoding=\"async\" width=\"1024\" height=\"683\" src=\"https:\/\/cohabitem.org\/wp-content\/uploads\/2023\/04\/galeria-8-1024x683.jpeg\" alt=\"\" class=\"wp-image-1575\" srcset=\"https:\/\/cohabitem.org\/wp-content\/uploads\/2023\/04\/galeria-8-1024x683.jpeg 1024w, https:\/\/cohabitem.org\/wp-content\/uploads\/2023\/04\/galeria-8-300x200.jpeg 300w, https:\/\/cohabitem.org\/wp-content\/uploads\/2023\/04\/galeria-8-768x512.jpeg 768w, https:\/\/cohabitem.org\/wp-content\/uploads\/2023\/04\/galeria-8-1536x1024.jpeg 1536w, https:\/\/cohabitem.org\/wp-content\/uploads\/2023\/04\/galeria-8-18x12.jpeg 18w, https:\/\/cohabitem.org\/wp-content\/uploads\/2023\/04\/galeria-8-1568x1045.jpeg 1568w, https:\/\/cohabitem.org\/wp-content\/uploads\/2023\/04\/galeria-8.jpeg 1920w\" sizes=\"(max-width: 1024px) 100vw, 1024px\" \/><figcaption class=\"wp-element-caption\">Vista de Alpuente. Foto: Esther Serrano, v\u00eda <a rel=\"noreferrer noopener\" href=\"https:\/\/www.alpuente.es\/seccion\/vivirenalpuente\" target=\"_blank\">Vivir en Alpuente<\/a>.<\/figcaption><\/figure>\n\n\n\n<p>Desde aqu\u00ed queremos valorar y agradecer que desde municipios como el de Alpuente est\u00e9n interes\u00e1ndose por un modelo participativo, sostenible y no especulativo como el que promovemos, y que tanto puede aportar a la calidad de vida de las personas y a la activaci\u00f3n de los lugares en los que se implante, especialmente en el \u00e1mbito rural.<\/p>\n\n\n\n<p>Si cre\u00e9is que este llamado podr\u00eda interesaros, no dud\u00e9is en informaros en su p\u00e1gina web o en contactarles:<\/p>\n\n\n\n<div style=\"height:19px\" aria-hidden=\"true\" class=\"wp-block-spacer\"><\/div>\n\n\n\n<div class=\"wp-block-buttons alignfull is-content-justification-center is-layout-flex wp-container-core-buttons-is-layout-1 wp-block-buttons-is-layout-flex\">\n<div class=\"wp-block-button\"><a class=\"wp-block-button__link wp-element-button\" href=\"https:\/\/www.alpuente.es\/seccion\/vivirenalpuente\" target=\"_blank\" rel=\"noreferrer noopener\">Conoce el proyecto Vivir en Alpuente<\/a><\/div>\n<\/div>","protected":false},"excerpt":{"rendered":"<p>Vivir en Alpuente, un proyecto impulsado en Alpuente en colaboraci\u00f3n con la Agenda Valenciana Antidespoblament de la Generalitat Valenciana, est\u00e1 desarrollando servicios y herramientas para animar y ayudar a las personas que quieran trabajar, emprender, jubilarse&#8230; en definitiva, vivir, en dicha localidad.&nbsp; Para ello, han creado una Agencia Local de Acogida, localizada dentro del Espacio [&hellip;]<\/p>","protected":false},"author":1,"featured_media":1575,"comment_status":"open","ping_status":"closed","sticky":false,"template":"","format":"standard","meta":{"_themeisle_gutenberg_block_has_review":false,"footnotes":""},"categories":[23],"tags":[24,29,28,27,26,25],"class_list":["post-1556","post","type-post","status-publish","format-standard","has-post-thumbnail","hentry","category-noticias","tag-alpuente","tag-ayuntamientos","tag-cohousing","tag-senior","tag-viviendas-colaborativas","tag-vivir-en-alpuente"],"_links":{"self":[{"href":"https:\/\/cohabitem.org\/ca\/wp-json\/wp\/v2\/posts\/1556","targetHints":{"allow":["GET"]}}],"collection":[{"href":"https:\/\/cohabitem.org\/ca\/wp-json\/wp\/v2\/posts"}],"about":[{"href":"https:\/\/cohabitem.org\/ca\/wp-json\/wp\/v2\/types\/post"}],"author":[{"embeddable":true,"href":"https:\/\/cohabitem.org\/ca\/wp-json\/wp\/v2\/users\/1"}],"replies":[{"embeddable":true,"href":"https:\/\/cohabitem.org\/ca\/wp-json\/wp\/v2\/comments?post=1556"}],"version-history":[{"count":10,"href":"https:\/\/cohabitem.org\/ca\/wp-json\/wp\/v2\/posts\/1556\/revisions"}],"predecessor-version":[{"id":1622,"href":"https:\/\/cohabitem.org\/ca\/wp-json\/wp\/v2\/posts\/1556\/revisions\/1622"}],"wp:featuredmedia":[{"embeddable":true,"href":"https:\/\/cohabitem.org\/ca\/wp-json\/wp\/v2\/media\/1575"}],"wp:attachment":[{"href":"https:\/\/cohabitem.org\/ca\/wp-json\/wp\/v2\/media?parent=1556"}],"wp:term":[{"taxonomy":"category","embeddable":true,"href":"https:\/\/cohabitem.org\/ca\/wp-json\/wp\/v2\/categories?post=1556"},{"taxonomy":"post_tag","embeddable":true,"href":"https:\/\/cohabitem.org\/ca\/wp-json\/wp\/v2\/tags?post=1556"}],"curies":[{"name":"wp","href":"https:\/\/api.w.org\/{rel}","templated":true}]}}