{"id":1272,"date":"2021-10-29T11:30:49","date_gmt":"2021-10-29T11:30:49","guid":{"rendered":"https:\/\/cohabitem.org\/?p=1272"},"modified":"2021-10-29T12:03:16","modified_gmt":"2021-10-29T12:03:16","slug":"primera-presentacion-publica-de-cohabitem","status":"publish","type":"post","link":"https:\/\/cohabitem.org\/es\/primera-presentacion-publica-de-cohabitem\/","title":{"rendered":"Jornada de viviendas colaborativas y presentaci\u00f3n de Cohabitem"},"content":{"rendered":"\n<figure class=\"wp-block-image size-large\"><img decoding=\"async\" width=\"1024\" height=\"768\" src=\"https:\/\/cohabitem.org\/wp-content\/uploads\/2021\/10\/foto-aula-empresocial-1024x768.jpeg\" alt=\"\" class=\"wp-image-1273\" srcset=\"https:\/\/cohabitem.org\/wp-content\/uploads\/2021\/10\/foto-aula-empresocial-1024x768.jpeg 1024w, https:\/\/cohabitem.org\/wp-content\/uploads\/2021\/10\/foto-aula-empresocial-300x225.jpeg 300w, https:\/\/cohabitem.org\/wp-content\/uploads\/2021\/10\/foto-aula-empresocial-768x576.jpeg 768w, https:\/\/cohabitem.org\/wp-content\/uploads\/2021\/10\/foto-aula-empresocial-16x12.jpeg 16w, https:\/\/cohabitem.org\/wp-content\/uploads\/2021\/10\/foto-aula-empresocial.jpeg 1141w\" sizes=\"(max-width: 1024px) 100vw, 1024px\" \/><figcaption>Los tres representantes de Cohabitem iniciando la presentaci\u00f3n &#8211; Foto por <a href=\"https:\/\/twitter.com\/aulaempresocial\/status\/1453632133558411264\" target=\"_blank\" rel=\"noreferrer noopener\">Aula Empresocial en Twitter<\/a><\/figcaption><\/figure>\n\n\n\n<p>Ayer, 28 de octubre de 2021, presentamos Cohabitem por primera vez en p\u00fablico. Aunque ya hab\u00edamos realizado una presentaci\u00f3n oficial a varios cargos de la Generalitat a trav\u00e9s de una carta, es la primera vez que cont\u00e1bamos el proyecto de la coordinadora al p\u00fablico general.<\/p>\n\n\n\n<p>El marco para ello fue el evento \u00abViviendas colaborativas en la Comunidad Valenciana\u00bb dentro del Ciclo Emprendimiento Sostenible del <a rel=\"noreferrer noopener\" href=\"https:\/\/www.uv.es\/uv-emprende\/es\/aulas-emprendimiento\/aula-empresocial.html\" target=\"_blank\">Aula de Empresocial<\/a>.<\/p>\n\n\n\n<figure class=\"wp-block-image size-large\"><img decoding=\"async\" width=\"576\" height=\"1024\" src=\"https:\/\/cohabitem.org\/wp-content\/uploads\/2021\/10\/vivienda-colaborativa_cartel_28-oct-576x1024.jpg\" alt=\"\" class=\"wp-image-1282\" srcset=\"https:\/\/cohabitem.org\/wp-content\/uploads\/2021\/10\/vivienda-colaborativa_cartel_28-oct-576x1024.jpg 576w, https:\/\/cohabitem.org\/wp-content\/uploads\/2021\/10\/vivienda-colaborativa_cartel_28-oct-169x300.jpg 169w, https:\/\/cohabitem.org\/wp-content\/uploads\/2021\/10\/vivienda-colaborativa_cartel_28-oct-7x12.jpg 7w, https:\/\/cohabitem.org\/wp-content\/uploads\/2021\/10\/vivienda-colaborativa_cartel_28-oct.jpg 750w\" sizes=\"(max-width: 576px) 100vw, 576px\" \/><\/figure>\n\n\n\n<p>En estas jornadas se presentaron los primeros resultados del estudio que est\u00e1 realizando la Universidad de Valencia por encargo de la Conseller\u00eda de Vivienda y Arquitectura Bioclim\u00e1tica de la GVA.<\/p>\n\n\n\n<p>Tambi\u00e9n se present\u00f3 la Gu\u00eda jur\u00eddica y fiscal del cohousing en la Comunidad Valenciana, que ya est\u00e1 publicada y disponible en <a rel=\"noreferrer noopener\" href=\"https:\/\/www.uv.es\/uv-empren\/ca\/aules-emprenedoria\/empresocial\/publicacions.html\" target=\"_blank\">su p\u00e1gina web<\/a>, en el siguiente enlace directo:<\/p>\n\n\n\n<div class=\"wp-block-buttons is-layout-flex wp-block-buttons-is-layout-flex\">\n<div class=\"wp-block-button has-custom-width wp-block-button__width-100\"><a class=\"wp-block-button__link\" href=\"https:\/\/links.uv.es\/KTx8kqT\" target=\"_blank\" rel=\"noreferrer noopener\">Gu\u00eda jur\u00eddica y fiscal del cohousing en la Comunidad Valenciana<\/a><\/div>\n<\/div>\n\n\n\n<p>Para la presentaci\u00f3n de la coordinadora acudimos tres personas en representaci\u00f3n de las tres provincias de la Comunidad Valenciana: Castell\u00f3n, Valencia y Alicante.<\/p>\n\n\n\n<p>Esta es la presentaci\u00f3n que utilizamos:<\/p>\n\n\n\n<div class=\"wp-block-buttons is-layout-flex wp-block-buttons-is-layout-flex\">\n<div class=\"wp-block-button has-custom-width wp-block-button__width-100\"><a class=\"wp-block-button__link\" href=\"https:\/\/cohabitem.org\/wp-content\/uploads\/2021\/10\/Presentacion-Cohabitem-Web.pdf\" target=\"_blank\" rel=\"noreferrer noopener\">Ver o descargar presentaci\u00f3n Cohabitem (PDF)<\/a><\/div>\n<\/div>\n\n\n\n<p>El documento en s\u00ed es muy sint\u00e9tico y est\u00e1 pensado como apoyo a la presentaci\u00f3n oral. Pod\u00e9is encontrar la misma informaci\u00f3n, con m\u00e1s detalle, en las diferentes secciones de esta p\u00e1gina web.<\/p>\n\n\n\n<p>Desde aqu\u00ed queremos reiterar nuestro agradecimiento al <a rel=\"noreferrer noopener\" href=\"https:\/\/www.uv.es\/uv-emprende\/es\/aulas-emprendimiento\/aula-empresocial.html\" target=\"_blank\">Aula de Empresocial<\/a> por dejarnos un espacio para presentarnos y por contar con la participaci\u00f3n de la organizaciones de base en la realizaci\u00f3n de estudio que servir\u00e1 de base para la futura ley de vivienda colaborativa de la Comunidad Valenciana.<\/p>\n","protected":false},"excerpt":{"rendered":"<p>Ayer, 28 de octubre de 2021, presentamos Cohabitem por primera vez en p\u00fablico. Aunque ya hab\u00edamos realizado una presentaci\u00f3n oficial a varios cargos de la Generalitat a trav\u00e9s de una carta, es la primera vez que cont\u00e1bamos el proyecto de la coordinadora al p\u00fablico general. El marco para ello fue el evento \u00abViviendas colaborativas en [&hellip;]<\/p>\n","protected":false},"author":1,"featured_media":1273,"comment_status":"open","ping_status":"closed","sticky":false,"template":"","format":"standard","meta":{"_themeisle_gutenberg_block_has_review":false,"footnotes":""},"categories":[1],"tags":[],"class_list":["post-1272","post","type-post","status-publish","format-standard","has-post-thumbnail","hentry","category-uncategorized"],"_links":{"self":[{"href":"https:\/\/cohabitem.org\/es\/wp-json\/wp\/v2\/posts\/1272","targetHints":{"allow":["GET"]}}],"collection":[{"href":"https:\/\/cohabitem.org\/es\/wp-json\/wp\/v2\/posts"}],"about":[{"href":"https:\/\/cohabitem.org\/es\/wp-json\/wp\/v2\/types\/post"}],"author":[{"embeddable":true,"href":"https:\/\/cohabitem.org\/es\/wp-json\/wp\/v2\/users\/1"}],"replies":[{"embeddable":true,"href":"https:\/\/cohabitem.org\/es\/wp-json\/wp\/v2\/comments?post=1272"}],"version-history":[{"count":12,"href":"https:\/\/cohabitem.org\/es\/wp-json\/wp\/v2\/posts\/1272\/revisions"}],"predecessor-version":[{"id":1288,"href":"https:\/\/cohabitem.org\/es\/wp-json\/wp\/v2\/posts\/1272\/revisions\/1288"}],"wp:featuredmedia":[{"embeddable":true,"href":"https:\/\/cohabitem.org\/es\/wp-json\/wp\/v2\/media\/1273"}],"wp:attachment":[{"href":"https:\/\/cohabitem.org\/es\/wp-json\/wp\/v2\/media?parent=1272"}],"wp:term":[{"taxonomy":"category","embeddable":true,"href":"https:\/\/cohabitem.org\/es\/wp-json\/wp\/v2\/categories?post=1272"},{"taxonomy":"post_tag","embeddable":true,"href":"https:\/\/cohabitem.org\/es\/wp-json\/wp\/v2\/tags?post=1272"}],"curies":[{"name":"wp","href":"https:\/\/api.w.org\/{rel}","templated":true}]}}