{"id":1446,"date":"2022-10-24T21:04:17","date_gmt":"2022-10-24T21:04:17","guid":{"rendered":"https:\/\/cohabitem.org\/?p=1446"},"modified":"2022-10-24T21:05:14","modified_gmt":"2022-10-24T21:05:14","slug":"viacoop-forum","status":"publish","type":"post","link":"https:\/\/cohabitem.org\/es\/viacoop-forum\/","title":{"rendered":"#Viacoop, el f\u00f3rum de la vivienda cooperativa en cesi\u00f3n de uso"},"content":{"rendered":"\n<figure class=\"wp-block-image size-large\"><img decoding=\"async\" width=\"1024\" height=\"767\" src=\"https:\/\/cohabitem.org\/wp-content\/uploads\/2022\/10\/image-9-1024x767.jpg\" alt=\"\" class=\"wp-image-1448\" srcset=\"https:\/\/cohabitem.org\/wp-content\/uploads\/2022\/10\/image-9-1024x767.jpg 1024w, https:\/\/cohabitem.org\/wp-content\/uploads\/2022\/10\/image-9-300x225.jpg 300w, https:\/\/cohabitem.org\/wp-content\/uploads\/2022\/10\/image-9-768x576.jpg 768w, https:\/\/cohabitem.org\/wp-content\/uploads\/2022\/10\/image-9-1536x1151.jpg 1536w, https:\/\/cohabitem.org\/wp-content\/uploads\/2022\/10\/image-9-2048x1535.jpg 2048w, https:\/\/cohabitem.org\/wp-content\/uploads\/2022\/10\/image-9-16x12.jpg 16w, https:\/\/cohabitem.org\/wp-content\/uploads\/2022\/10\/image-9-1568x1175.jpg 1568w\" sizes=\"(max-width: 1024px) 100vw, 1024px\" \/><\/figure>\n\n\n\n<p>El primer <strong>F\u00f3rum por la vivienda cooperativa en cesi\u00f3n de uso<\/strong> tendr\u00e1 lugar del <strong>25 al 27 de noviembre en Barcelona<\/strong>, en el Campus de la Ciutadella de la Universidad Pompeu Fabra. <\/p>\n\n\n\n<p>Con el lema <em>\u201cLa v\u00eda cooperativa por el derecho a la vivienda\u201d<\/em>, ser\u00e1 un espacio para conocer las experiencias, mostrar buenas pr\u00e1cticas, abordar retos de financiaci\u00f3n, normativos y de acceso a suelo de los proyectos, realizar talleres, charlas, debates y fortalecer las redes del sector.<\/p>\n\n\n\n<div class=\"wp-block-buttons is-layout-flex wp-block-buttons-is-layout-flex\">\n<div class=\"wp-block-button has-custom-width wp-block-button__width-100\"><a class=\"wp-block-button__link\" href=\"https:\/\/forum.habitatge.coop\/\">P\u00e1gina oficial del evento<\/a><\/div>\n<\/div>\n\n\n\n<p>El encuentro reunir\u00e1 a m\u00e1s de 300 personas de grupos y proyectos cooperativos, personas t\u00e9cnicas de acompa\u00f1amiento y administraciones p\u00fablicas, y ha sido organizado por la <a rel=\"noreferrer noopener\" href=\"https:\/\/xes.cat\/comissions\/habitatge\/\" target=\"_blank\">sectorial de vivienda cooperativa de la XES<\/a> (Xarxa d\u2019Economia Solid\u00e0ria de Catalunya) y el Grupo de Vivienda de <a rel=\"noreferrer noopener\" href=\"https:\/\/reas.red\/\" target=\"_blank\">REAS Red de Redes de Econom\u00eda Alternativa y Solidaria<\/a>, con el apoyo del Ayuntamiento de Barcelona y la Generalitat de Catalu\u00f1a.<\/p>\n\n\n\n<p>Incluir\u00e1 la posibilidad de visitar proyectos en convivencia como el caso del reci\u00e9n estrenado <a rel=\"noreferrer noopener\" href=\"https:\/\/celobert.coop\/es\/projecte\/cirerers\/\" target=\"_blank\">Cirerers en Barcelona<\/a>, o <a rel=\"noreferrer noopener\" href=\"https:\/\/www.vidalia.coop\/inici\/\" target=\"_blank\">Vidalia en Puig-Reig<\/a>, <a rel=\"noreferrer noopener\" href=\"https:\/\/calafou.org\/\" target=\"_blank\">Ca la Fou en Vallbona d\u2019Anoia<\/a> y <a rel=\"noreferrer noopener\" href=\"https:\/\/calcases.info\/\" target=\"_blank\">Cal Cases en Santa Maria d\u2019Ol\u00f3<\/a>.<\/p>\n","protected":false},"excerpt":{"rendered":"<p>El primer F\u00f3rum por la vivienda cooperativa en cesi\u00f3n de uso tendr\u00e1 lugar del 25 al 27 de noviembre en Barcelona, en el Campus de la Ciutadella de la Universidad Pompeu Fabra. Con el lema \u201cLa v\u00eda cooperativa por el derecho a la vivienda\u201d, ser\u00e1 un espacio para conocer las experiencias, mostrar buenas pr\u00e1cticas, abordar [&hellip;]<\/p>\n","protected":false},"author":1,"featured_media":1448,"comment_status":"open","ping_status":"closed","sticky":false,"template":"","format":"standard","meta":{"_themeisle_gutenberg_block_has_review":false,"footnotes":""},"categories":[9],"tags":[17,20,18,22,19,21],"class_list":["post-1446","post","type-post","status-publish","format-standard","has-post-thumbnail","hentry","category-eventos","tag-viacoop","tag-barcelona","tag-forum","tag-reas","tag-vivienda-cooperativa-en-cesion-de-uso","tag-xes"],"_links":{"self":[{"href":"https:\/\/cohabitem.org\/es\/wp-json\/wp\/v2\/posts\/1446","targetHints":{"allow":["GET"]}}],"collection":[{"href":"https:\/\/cohabitem.org\/es\/wp-json\/wp\/v2\/posts"}],"about":[{"href":"https:\/\/cohabitem.org\/es\/wp-json\/wp\/v2\/types\/post"}],"author":[{"embeddable":true,"href":"https:\/\/cohabitem.org\/es\/wp-json\/wp\/v2\/users\/1"}],"replies":[{"embeddable":true,"href":"https:\/\/cohabitem.org\/es\/wp-json\/wp\/v2\/comments?post=1446"}],"version-history":[{"count":3,"href":"https:\/\/cohabitem.org\/es\/wp-json\/wp\/v2\/posts\/1446\/revisions"}],"predecessor-version":[{"id":1450,"href":"https:\/\/cohabitem.org\/es\/wp-json\/wp\/v2\/posts\/1446\/revisions\/1450"}],"wp:featuredmedia":[{"embeddable":true,"href":"https:\/\/cohabitem.org\/es\/wp-json\/wp\/v2\/media\/1448"}],"wp:attachment":[{"href":"https:\/\/cohabitem.org\/es\/wp-json\/wp\/v2\/media?parent=1446"}],"wp:term":[{"taxonomy":"category","embeddable":true,"href":"https:\/\/cohabitem.org\/es\/wp-json\/wp\/v2\/categories?post=1446"},{"taxonomy":"post_tag","embeddable":true,"href":"https:\/\/cohabitem.org\/es\/wp-json\/wp\/v2\/tags?post=1446"}],"curies":[{"name":"wp","href":"https:\/\/api.w.org\/{rel}","templated":true}]}}