{"id":1632,"date":"2024-10-29T17:00:58","date_gmt":"2024-10-29T17:00:58","guid":{"rendered":"https:\/\/cohabitem.org\/?p=1632"},"modified":"2024-10-30T07:48:21","modified_gmt":"2024-10-30T07:48:21","slug":"evento-sagunto-6nov2024","status":"publish","type":"post","link":"https:\/\/cohabitem.org\/es\/evento-sagunto-6nov2024\/","title":{"rendered":"Evento \u00abHabitatge cooperatiu en cessi\u00f3 d&#8217;\u00fas al Pa\u00eds Valenci\u00e0\u00bb"},"content":{"rendered":"\n<p>El pr\u00f3ximo mi\u00e9rcoles <strong>6 de noviembre<\/strong> a las <strong>18:00 h<\/strong> se celebrar\u00e1 una sesi\u00f3n sobre el modelo de vivienda cooperativa en cesi\u00f3n de uso (covivienda o <em>cohabitatge<\/em>) en el <strong>Centre C\u00edvic Antic Sanatori<\/strong> de <strong>Sagunt<\/strong>.<\/p>\n\n\n\n<p>Es la ocasi\u00f3n ideal para saber m\u00e1s sobre esta modalidad de acceso a la vivienda y esta forma de vida, y conocer a los proyectos y redes que la est\u00e1n promoviendo en el Pa\u00eds Valenci\u00e0.<\/p>\n\n\n\n<figure data-wp-context=\"{&quot;imageId&quot;:&quot;69f13f434ff89&quot;}\" data-wp-interactive=\"core\/image\" class=\"wp-block-image size-large wp-lightbox-container\"><img decoding=\"async\" width=\"724\" height=\"1024\" data-wp-class--hide=\"state.isContentHidden\" data-wp-class--show=\"state.isContentVisible\" data-wp-init=\"callbacks.setButtonStyles\" data-wp-on-async--click=\"actions.showLightbox\" data-wp-on-async--load=\"callbacks.setButtonStyles\" data-wp-on-async-window--resize=\"callbacks.setButtonStyles\" src=\"https:\/\/cohabitem.org\/wp-content\/uploads\/2024\/10\/6NOV_Habitatge-Coop-Cessio-Us-724x1024.jpg\" alt=\"\" class=\"wp-image-1635\" srcset=\"https:\/\/cohabitem.org\/wp-content\/uploads\/2024\/10\/6NOV_Habitatge-Coop-Cessio-Us-724x1024.jpg 724w, https:\/\/cohabitem.org\/wp-content\/uploads\/2024\/10\/6NOV_Habitatge-Coop-Cessio-Us-212x300.jpg 212w, https:\/\/cohabitem.org\/wp-content\/uploads\/2024\/10\/6NOV_Habitatge-Coop-Cessio-Us-768x1087.jpg 768w, https:\/\/cohabitem.org\/wp-content\/uploads\/2024\/10\/6NOV_Habitatge-Coop-Cessio-Us-1086x1536.jpg 1086w, https:\/\/cohabitem.org\/wp-content\/uploads\/2024\/10\/6NOV_Habitatge-Coop-Cessio-Us-1447x2048.jpg 1447w, https:\/\/cohabitem.org\/wp-content\/uploads\/2024\/10\/6NOV_Habitatge-Coop-Cessio-Us-8x12.jpg 8w, https:\/\/cohabitem.org\/wp-content\/uploads\/2024\/10\/6NOV_Habitatge-Coop-Cessio-Us.jpg 1499w\" sizes=\"(max-width: 724px) 100vw, 724px\" \/><button\n\t\t\tclass=\"lightbox-trigger\"\n\t\t\ttype=\"button\"\n\t\t\taria-haspopup=\"dialog\"\n\t\t\taria-label=\"Ampliar la imagen\"\n\t\t\tdata-wp-init=\"callbacks.initTriggerButton\"\n\t\t\tdata-wp-on-async--click=\"actions.showLightbox\"\n\t\t\tdata-wp-style--right=\"state.imageButtonRight\"\n\t\t\tdata-wp-style--top=\"state.imageButtonTop\"\n\t\t>\n\t\t\t<svg xmlns=\"http:\/\/www.w3.org\/2000\/svg\" width=\"12\" height=\"12\" fill=\"none\" viewBox=\"0 0 12 12\">\n\t\t\t\t<path fill=\"#fff\" d=\"M2 0a2 2 0 0 0-2 2v2h1.5V2a.5.5 0 0 1 .5-.5h2V0H2Zm2 10.5H2a.5.5 0 0 1-.5-.5V8H0v2a2 2 0 0 0 2 2h2v-1.5ZM8 12v-1.5h2a.5.5 0 0 0 .5-.5V8H12v2a2 2 0 0 1-2 2H8Zm2-12a2 2 0 0 1 2 2v2h-1.5V2a.5.5 0 0 0-.5-.5H8V0h2Z\" \/>\n\t\t\t<\/svg>\n\t\t<\/button><\/figure>\n","protected":false},"excerpt":{"rendered":"<p>El pr\u00f3ximo mi\u00e9rcoles 6 de noviembre a las 18:00 h se celebrar\u00e1 una sesi\u00f3n sobre el modelo de vivienda cooperativa en cesi\u00f3n de uso (covivienda o cohabitatge) en el Centre C\u00edvic Antic Sanatori de Sagunt. Es la ocasi\u00f3n ideal para saber m\u00e1s sobre esta modalidad de acceso a la vivienda y esta forma de vida, [&hellip;]<\/p>\n","protected":false},"author":1,"featured_media":0,"comment_status":"open","ping_status":"closed","sticky":false,"template":"","format":"standard","meta":{"_themeisle_gutenberg_block_has_review":false,"footnotes":""},"categories":[9,1],"tags":[31,34,28,30,32,33,19,26],"class_list":["post-1632","post","type-post","status-publish","format-standard","hentry","category-eventos","category-uncategorized","tag-cesion-de-uso","tag-cohabitatge","tag-cohousing","tag-jornada","tag-sagunt","tag-sagunto","tag-vivienda-cooperativa-en-cesion-de-uso","tag-viviendas-colaborativas"],"_links":{"self":[{"href":"https:\/\/cohabitem.org\/es\/wp-json\/wp\/v2\/posts\/1632","targetHints":{"allow":["GET"]}}],"collection":[{"href":"https:\/\/cohabitem.org\/es\/wp-json\/wp\/v2\/posts"}],"about":[{"href":"https:\/\/cohabitem.org\/es\/wp-json\/wp\/v2\/types\/post"}],"author":[{"embeddable":true,"href":"https:\/\/cohabitem.org\/es\/wp-json\/wp\/v2\/users\/1"}],"replies":[{"embeddable":true,"href":"https:\/\/cohabitem.org\/es\/wp-json\/wp\/v2\/comments?post=1632"}],"version-history":[{"count":4,"href":"https:\/\/cohabitem.org\/es\/wp-json\/wp\/v2\/posts\/1632\/revisions"}],"predecessor-version":[{"id":1650,"href":"https:\/\/cohabitem.org\/es\/wp-json\/wp\/v2\/posts\/1632\/revisions\/1650"}],"wp:attachment":[{"href":"https:\/\/cohabitem.org\/es\/wp-json\/wp\/v2\/media?parent=1632"}],"wp:term":[{"taxonomy":"category","embeddable":true,"href":"https:\/\/cohabitem.org\/es\/wp-json\/wp\/v2\/categories?post=1632"},{"taxonomy":"post_tag","embeddable":true,"href":"https:\/\/cohabitem.org\/es\/wp-json\/wp\/v2\/tags?post=1632"}],"curies":[{"name":"wp","href":"https:\/\/api.w.org\/{rel}","templated":true}]}}