{"id":961,"date":"2021-04-26T21:03:00","date_gmt":"2021-04-26T21:03:00","guid":{"rendered":"https:\/\/cohabitem.org\/?p=961"},"modified":"2021-10-20T12:13:58","modified_gmt":"2021-10-20T12:13:58","slug":"reunion-dalmau","status":"publish","type":"post","link":"https:\/\/cohabitem.org\/es\/reunion-dalmau\/","title":{"rendered":"Cohabitem se re\u00fane con el Conseller de Vivienda"},"content":{"rendered":"\n<p>El pasado 23 de abril de 2021 la Coordinadora por la Regulaci\u00f3n con Financiaci\u00f3n P\u00fablica del Cohabitatge Valenciano se reuni\u00f3 con el Vicepresidente 2\u00ba y Conseller de Vivienda, Rub\u00e9n Mart\u00ednez Dalmau, y la subsecreatriaBlanca Jim\u00e9nez Garrido.<\/p>\n\n\n\n<p>El objetivo de la reuni\u00f3n fue la presentaci\u00f3n de la Coordinadora ante la Generalitat y la exposici\u00f3n de las bondades y retos del modelo de vivienda colaborativa en cesi\u00f3n de uso. Como representantes de la coordinadora participaron Amparo Tessio (\u00c1gora Cohousing), Montse Llorca (CoBarraca Cohousing) y Mart\u00edn Garc\u00eda (Resistir Coop.V.), con la asistencia t\u00e9cnica de Fran Merino (FECOVI).<\/p>\n\n\n\n<p>Durante la reuni\u00f3n, la Coordinadora expuso las dificultades de promover este tipo de proyectos tanto en suelo privado como p\u00fablico, y present\u00f3 una lista de propuestas de regulaci\u00f3n y financiaci\u00f3n.<\/p>\n\n\n\n<p><\/p>\n","protected":false},"excerpt":{"rendered":"<p>El pasado 23 de abril de 2021 la Coordinadora por la Regulaci\u00f3n con Financiaci\u00f3n P\u00fablica del Cohabitatge Valenciano se reuni\u00f3 con el Vicepresidente 2\u00ba y Conseller de Vivienda, Rub\u00e9n Mart\u00ednez Dalmau, y la subsecreatriaBlanca Jim\u00e9nez Garrido. El objetivo de la reuni\u00f3n fue la presentaci\u00f3n de la Coordinadora ante la Generalitat y la exposici\u00f3n de las [&hellip;]<\/p>\n","protected":false},"author":1,"featured_media":0,"comment_status":"open","ping_status":"closed","sticky":false,"template":"","format":"standard","meta":{"_themeisle_gutenberg_block_has_review":false,"footnotes":""},"categories":[8],"tags":[],"class_list":["post-961","post","type-post","status-publish","format-standard","hentry","category-reuniones"],"_links":{"self":[{"href":"https:\/\/cohabitem.org\/es\/wp-json\/wp\/v2\/posts\/961","targetHints":{"allow":["GET"]}}],"collection":[{"href":"https:\/\/cohabitem.org\/es\/wp-json\/wp\/v2\/posts"}],"about":[{"href":"https:\/\/cohabitem.org\/es\/wp-json\/wp\/v2\/types\/post"}],"author":[{"embeddable":true,"href":"https:\/\/cohabitem.org\/es\/wp-json\/wp\/v2\/users\/1"}],"replies":[{"embeddable":true,"href":"https:\/\/cohabitem.org\/es\/wp-json\/wp\/v2\/comments?post=961"}],"version-history":[{"count":5,"href":"https:\/\/cohabitem.org\/es\/wp-json\/wp\/v2\/posts\/961\/revisions"}],"predecessor-version":[{"id":976,"href":"https:\/\/cohabitem.org\/es\/wp-json\/wp\/v2\/posts\/961\/revisions\/976"}],"wp:attachment":[{"href":"https:\/\/cohabitem.org\/es\/wp-json\/wp\/v2\/media?parent=961"}],"wp:term":[{"taxonomy":"category","embeddable":true,"href":"https:\/\/cohabitem.org\/es\/wp-json\/wp\/v2\/categories?post=961"},{"taxonomy":"post_tag","embeddable":true,"href":"https:\/\/cohabitem.org\/es\/wp-json\/wp\/v2\/tags?post=961"}],"curies":[{"name":"wp","href":"https:\/\/api.w.org\/{rel}","templated":true}]}}