{"id":978,"date":"2021-07-22T22:40:00","date_gmt":"2021-07-22T22:40:00","guid":{"rendered":"https:\/\/cohabitem.org\/?p=978"},"modified":"2021-10-17T22:55:58","modified_gmt":"2021-10-17T22:55:58","slug":"participacion-estudio-covivienda","status":"publish","type":"post","link":"https:\/\/cohabitem.org\/es\/participacion-estudio-covivienda\/","title":{"rendered":"La Coordinadora participa en estudio sobre viviendas colaborativas"},"content":{"rendered":"\n<p>Los pasados 14 y 19 de julio de 2021, representantes de 12 proyectos de la Comunidad Valenciana participaron en dos <strong>grupos focales<\/strong> sobre <em>cohabitatge <\/em>s\u00e9nior y <em>cohabitatge <\/em>intergeneracional, respectivamente.<\/p>\n\n\n\n<p>Estas reuniones fueron organizadas por un equipo de la <strong>Universidad de Valencia<\/strong> con la colaboraci\u00f3n de <strong>FECOVI<\/strong>, y su objetivo era aportar claves, a modo de diagn\u00f3stico y desde la experiencia directa de los proyectos, para la redacci\u00f3n de un\u00a0<strong>informe sobre las viviendas colaborativas<\/strong> encargado por la <strong>Conselleria de Vivienda y Arquitectura Bioclim\u00e1tica<\/strong>. Este informe previo servir\u00e1 para abordar la redacci\u00f3n de una normativa de Viviendas Colaborativas en la Comunitat Valenciana.<\/p>\n\n\n\n<p>Adem\u00e1s de participar en las reuniones propuestas, desde cada proyecto se complet\u00f3 un <strong>cuestionario<\/strong> que inclu\u00eda preguntas relacionadas con el grupo, el proyecto, la ubicaci\u00f3n y la financiaci\u00f3n.<\/p>\n\n\n\n<p>Desde Cohabitem queremos <strong>agradecer<\/strong> al equipo de la UV su inter\u00e9s por conocer la situaci\u00f3n real de este tipo de proyectos, y reiteramos nuestra disposici\u00f3n a <strong>colaborar<\/strong> con cualquier entidad o proceso que busque facilitar su desarrollo.<\/p>\n","protected":false},"excerpt":{"rendered":"<p>Los pasados 14 y 19 de julio de 2021, representantes de 12 proyectos de la Comunidad Valenciana participaron en dos grupos focales sobre cohabitatge s\u00e9nior y cohabitatge intergeneracional, respectivamente. Estas reuniones fueron organizadas por un equipo de la Universidad de Valencia con la colaboraci\u00f3n de FECOVI, y su objetivo era aportar claves, a modo de [&hellip;]<\/p>\n","protected":false},"author":1,"featured_media":0,"comment_status":"open","ping_status":"closed","sticky":false,"template":"","format":"standard","meta":{"_themeisle_gutenberg_block_has_review":false,"footnotes":""},"categories":[8],"tags":[],"class_list":["post-978","post","type-post","status-publish","format-standard","hentry","category-reuniones"],"_links":{"self":[{"href":"https:\/\/cohabitem.org\/es\/wp-json\/wp\/v2\/posts\/978","targetHints":{"allow":["GET"]}}],"collection":[{"href":"https:\/\/cohabitem.org\/es\/wp-json\/wp\/v2\/posts"}],"about":[{"href":"https:\/\/cohabitem.org\/es\/wp-json\/wp\/v2\/types\/post"}],"author":[{"embeddable":true,"href":"https:\/\/cohabitem.org\/es\/wp-json\/wp\/v2\/users\/1"}],"replies":[{"embeddable":true,"href":"https:\/\/cohabitem.org\/es\/wp-json\/wp\/v2\/comments?post=978"}],"version-history":[{"count":6,"href":"https:\/\/cohabitem.org\/es\/wp-json\/wp\/v2\/posts\/978\/revisions"}],"predecessor-version":[{"id":985,"href":"https:\/\/cohabitem.org\/es\/wp-json\/wp\/v2\/posts\/978\/revisions\/985"}],"wp:attachment":[{"href":"https:\/\/cohabitem.org\/es\/wp-json\/wp\/v2\/media?parent=978"}],"wp:term":[{"taxonomy":"category","embeddable":true,"href":"https:\/\/cohabitem.org\/es\/wp-json\/wp\/v2\/categories?post=978"},{"taxonomy":"post_tag","embeddable":true,"href":"https:\/\/cohabitem.org\/es\/wp-json\/wp\/v2\/tags?post=978"}],"curies":[{"name":"wp","href":"https:\/\/api.w.org\/{rel}","templated":true}]}}